{"id":8252,"date":"2026-03-12T14:39:52","date_gmt":"2026-03-12T17:39:52","guid":{"rendered":"https:\/\/ojornalsergipe.com.br\/?p=8252"},"modified":"2026-03-12T14:39:54","modified_gmt":"2026-03-12T17:39:54","slug":"com-presenca-de-ministros-sergipe-e-aqui-leva-servicos-e-anuncia-mais-de-r-30-milhoes-em-investimentos-para-sao-cristovao","status":"publish","type":"post","link":"https:\/\/ojornalsergipe.com.br\/index.php\/2026\/03\/12\/com-presenca-de-ministros-sergipe-e-aqui-leva-servicos-e-anuncia-mais-de-r-30-milhoes-em-investimentos-para-sao-cristovao\/","title":{"rendered":"Com presen\u00e7a de ministros, \u2018Sergipe \u00e9 Aqui\u2019 leva servi\u00e7os e anuncia mais de R$ 30 milh\u00f5es em investimentos para S\u00e3o Crist\u00f3v\u00e3o"},"content":{"rendered":"\n<p>O governador F\u00e1bio Mitidieri levou nesta quinta-feira, 12, a 69\u00aa edi\u00e7\u00e3o do programa Sergipe \u00e9 Aqui ao munic\u00edpio de S\u00e3o Crist\u00f3v\u00e3o, na Grande Aracaju. A agenda contou com a presen\u00e7a do ministro-chefe da Secretaria-Geral da Presid\u00eancia da Rep\u00fablica, Guilherme Boulos, e do ministro do Desenvolvimento e Assist\u00eancia Social, Wellington Dias, integrando tamb\u00e9m o programa federal Governo do Brasil na Rua.<\/p>\n\n\n\n<p>Realizado na Pra\u00e7a do Centro Comercial, no bairro Eduardo Gomes, o evento reuniu secretarias estaduais, \u00f3rg\u00e3os federais e institui\u00e7\u00f5es parceiras para oferecer atendimentos gratuitos, orienta\u00e7\u00f5es e servi\u00e7os diretos \u00e0 popula\u00e7\u00e3o. A iniciativa aproximou a estrutura administrativa do Estado dos moradores da regi\u00e3o e ampliou o acesso a pol\u00edticas p\u00fablicas e programas sociais.<\/p>\n\n\n\n<p>Durante a programa\u00e7\u00e3o, o governador destacou que a uni\u00e3o entre o programa estadual e a a\u00e7\u00e3o do governo federal amplia a capacidade de atendimento e fortalece a presen\u00e7a do poder p\u00fablico junto \u00e0 popula\u00e7\u00e3o. Segundo ele, a integra\u00e7\u00e3o entre as esferas de governo permite que mais cidad\u00e3os tenham acesso a servi\u00e7os essenciais de forma r\u00e1pida e descentralizada.<\/p>\n\n\n\n<p>Al\u00e9m da oferta de servi\u00e7os, o governo estadual anunciou R$ 30,7 milh\u00f5es em investimentos em infraestrutura para o munic\u00edpio. Entre as a\u00e7\u00f5es autorizadas est\u00e1 a reestrutura\u00e7\u00e3o da Rodovia Jo\u00e3o Bebe \u00c1gua (SE-065), no trecho entre o acesso ao campus da Universidade Federal de Sergipe e o bairro Eduardo Gomes, com investimento de R$ 22,5 milh\u00f5es, al\u00e9m da autoriza\u00e7\u00e3o para licita\u00e7\u00e3o da duplica\u00e7\u00e3o de cerca de 2,2 quil\u00f4metros da mesma rodovia.<\/p>\n\n\n\n<p>O prefeito J\u00falio Nascimento destacou a import\u00e2ncia da parceria entre os governos municipal, estadual e federal para ampliar os servi\u00e7os e garantir novos investimentos na cidade. Segundo ele, a iniciativa fortalece o desenvolvimento de S\u00e3o Crist\u00f3v\u00e3o e amplia o acesso da popula\u00e7\u00e3o a pol\u00edticas p\u00fablicas nas \u00e1reas de infraestrutura, assist\u00eancia social e cidadania.<\/p>\n","protected":false},"excerpt":{"rendered":"<p>O governador F\u00e1bio Mitidieri levou nesta quinta-feira, 12, a 69\u00aa edi\u00e7\u00e3o do programa Sergipe \u00e9 Aqui ao munic\u00edpio de S\u00e3o Crist\u00f3v\u00e3o, na Grande Aracaju. A agenda contou com a presen\u00e7a do ministro-chefe da Secretaria-Geral da Presid\u00eancia da Rep\u00fablica, Guilherme Boulos, e do ministro do Desenvolvimento e Assist\u00eancia Social, Wellington Dias, integrando tamb\u00e9m o programa federal [&hellip;]<\/p>\n","protected":false},"author":1,"featured_media":8253,"comment_status":"open","ping_status":"open","sticky":false,"template":"","format":"standard","meta":{"_monsterinsights_skip_tracking":false,"_monsterinsights_sitenote_active":false,"_monsterinsights_sitenote_note":"","_monsterinsights_sitenote_category":0,"footnotes":""},"categories":[160],"tags":[152],"aioseo_notices":[],"amp_enabled":true,"_links":{"self":[{"href":"https:\/\/ojornalsergipe.com.br\/index.php\/wp-json\/wp\/v2\/posts\/8252"}],"collection":[{"href":"https:\/\/ojornalsergipe.com.br\/index.php\/wp-json\/wp\/v2\/posts"}],"about":[{"href":"https:\/\/ojornalsergipe.com.br\/index.php\/wp-json\/wp\/v2\/types\/post"}],"author":[{"embeddable":true,"href":"https:\/\/ojornalsergipe.com.br\/index.php\/wp-json\/wp\/v2\/users\/1"}],"replies":[{"embeddable":true,"href":"https:\/\/ojornalsergipe.com.br\/index.php\/wp-json\/wp\/v2\/comments?post=8252"}],"version-history":[{"count":1,"href":"https:\/\/ojornalsergipe.com.br\/index.php\/wp-json\/wp\/v2\/posts\/8252\/revisions"}],"predecessor-version":[{"id":8254,"href":"https:\/\/ojornalsergipe.com.br\/index.php\/wp-json\/wp\/v2\/posts\/8252\/revisions\/8254"}],"wp:featuredmedia":[{"embeddable":true,"href":"https:\/\/ojornalsergipe.com.br\/index.php\/wp-json\/wp\/v2\/media\/8253"}],"wp:attachment":[{"href":"https:\/\/ojornalsergipe.com.br\/index.php\/wp-json\/wp\/v2\/media?parent=8252"}],"wp:term":[{"taxonomy":"category","embeddable":true,"href":"https:\/\/ojornalsergipe.com.br\/index.php\/wp-json\/wp\/v2\/categories?post=8252"},{"taxonomy":"post_tag","embeddable":true,"href":"https:\/\/ojornalsergipe.com.br\/index.php\/wp-json\/wp\/v2\/tags?post=8252"}],"curies":[{"name":"wp","href":"https:\/\/api.w.org\/{rel}","templated":true}]}}