{"id":8493,"date":"2026-04-28T09:14:05","date_gmt":"2026-04-28T12:14:05","guid":{"rendered":"https:\/\/ojornalsergipe.com.br\/?p=8493"},"modified":"2026-04-28T09:14:06","modified_gmt":"2026-04-28T12:14:06","slug":"defesa-civil-de-sergipe-emite-alerta-de-chuvas-moderadas-para-esta-terca-feira","status":"publish","type":"post","link":"https:\/\/ojornalsergipe.com.br\/index.php\/2026\/04\/28\/defesa-civil-de-sergipe-emite-alerta-de-chuvas-moderadas-para-esta-terca-feira\/","title":{"rendered":"DEFESA CIVIL DE SERGIPE EMITE ALERTA DE CHUVAS MODERADAS PARA ESTA TER\u00c7A- FEIRA"},"content":{"rendered":"\n<p>A Defesa Civil de Sergipe emitiu alerta de chuvas moderadas para esta ter\u00e7a-feira (28) no estado. De acordo com o \u00f3rg\u00e3o, o alerta \u00e9 baseado em dados do Instituto Nacional de Meteorologia (INMET).&nbsp;<\/p>\n\n\n\n<p>Ainda segundo a Defesa Civil, a previs\u00e3o \u00e9 de chuvas acompanhadas de descargas atmosf\u00e9ricas, atingindo principalmente os munic\u00edpios de:&nbsp;<\/p>\n\n\n\n<p>\u2022 Aracaju<br>\u2022 Barra dos Coqueiros<br>\u2022 Nossa Senhora do Socorro<br>\u2022 S\u00e3o Crist\u00f3v\u00e3o<br>\u2022 Laranjeiras<br>\u2022 Capela<br>\u2022 \u2060Cumbe<br>\u2022 Japaratuba<br>\u2022 Carm\u00f3polis<br>\u2022 Maruim<br>\u2022 Ros\u00e1rio do Catete<br>\u2022 Itaporanga d\u2019Ajuda<br>\u2022 Propri\u00e1<br>\u2022 Pacatuba<br>\u2022 \u2060Japoat\u00e3<br>\u2022 \u2060Ne\u00f3polis<br>\u2022 \u2060Muribeca<br>\u2022 \u2060Ilha das Flores<br>\u2022 Canind\u00e9 de S\u00e3o Francisco<br>\u2022 Po\u00e7o Redondo<br>\u2022 Porto da Folha<br>\u2022 Monte Alegre de Sergipe<br>\u2022 Nossa Senhora da Gl\u00f3ria&nbsp;<\/p>\n\n\n\n<p>Fonte: G1<\/p>\n","protected":false},"excerpt":{"rendered":"<p>A Defesa Civil de Sergipe emitiu alerta de chuvas moderadas para esta ter\u00e7a-feira (28) no estado. De acordo com o \u00f3rg\u00e3o, o alerta \u00e9 baseado em dados do Instituto Nacional de Meteorologia (INMET).&nbsp; Ainda segundo a Defesa Civil, a previs\u00e3o \u00e9 de chuvas acompanhadas de descargas atmosf\u00e9ricas, atingindo principalmente os munic\u00edpios de:&nbsp; \u2022 Aracaju\u2022 Barra [&hellip;]<\/p>\n","protected":false},"author":1,"featured_media":8494,"comment_status":"open","ping_status":"open","sticky":false,"template":"","format":"standard","meta":{"_monsterinsights_skip_tracking":false,"_monsterinsights_sitenote_active":false,"_monsterinsights_sitenote_note":"","_monsterinsights_sitenote_category":0,"footnotes":""},"categories":[160],"tags":[152],"aioseo_notices":[],"amp_enabled":true,"_links":{"self":[{"href":"https:\/\/ojornalsergipe.com.br\/index.php\/wp-json\/wp\/v2\/posts\/8493"}],"collection":[{"href":"https:\/\/ojornalsergipe.com.br\/index.php\/wp-json\/wp\/v2\/posts"}],"about":[{"href":"https:\/\/ojornalsergipe.com.br\/index.php\/wp-json\/wp\/v2\/types\/post"}],"author":[{"embeddable":true,"href":"https:\/\/ojornalsergipe.com.br\/index.php\/wp-json\/wp\/v2\/users\/1"}],"replies":[{"embeddable":true,"href":"https:\/\/ojornalsergipe.com.br\/index.php\/wp-json\/wp\/v2\/comments?post=8493"}],"version-history":[{"count":2,"href":"https:\/\/ojornalsergipe.com.br\/index.php\/wp-json\/wp\/v2\/posts\/8493\/revisions"}],"predecessor-version":[{"id":8496,"href":"https:\/\/ojornalsergipe.com.br\/index.php\/wp-json\/wp\/v2\/posts\/8493\/revisions\/8496"}],"wp:featuredmedia":[{"embeddable":true,"href":"https:\/\/ojornalsergipe.com.br\/index.php\/wp-json\/wp\/v2\/media\/8494"}],"wp:attachment":[{"href":"https:\/\/ojornalsergipe.com.br\/index.php\/wp-json\/wp\/v2\/media?parent=8493"}],"wp:term":[{"taxonomy":"category","embeddable":true,"href":"https:\/\/ojornalsergipe.com.br\/index.php\/wp-json\/wp\/v2\/categories?post=8493"},{"taxonomy":"post_tag","embeddable":true,"href":"https:\/\/ojornalsergipe.com.br\/index.php\/wp-json\/wp\/v2\/tags?post=8493"}],"curies":[{"name":"wp","href":"https:\/\/api.w.org\/{rel}","templated":true}]}}