{"id":9069,"date":"2026-09-03T11:47:40","date_gmt":"2026-09-03T14:47:40","guid":{"rendered":"https:\/\/ojornalsergipe.com.br\/?p=9069"},"modified":"2026-09-03T11:47:40","modified_gmt":"2026-09-03T14:47:40","slug":"acusado-de-matar-sargento-da-pm-em-2015-morre-em-confronto-com-policiais-em-itabaiana","status":"publish","type":"post","link":"https:\/\/ojornalsergipe.com.br\/index.php\/2026\/09\/03\/acusado-de-matar-sargento-da-pm-em-2015-morre-em-confronto-com-policiais-em-itabaiana\/","title":{"rendered":"Acusado de matar sargento da PM em 2015 morre em confronto com policiais em Itabaiana"},"content":{"rendered":"\n<p>Um homem acusado de envolvimento na morte de um sargento da Pol\u00edcia Militar de Sergipe, em 2015, morreu ap\u00f3s um confronto com policiais na quarta-feira (2), durante o cumprimento de um mandado de recaptura em Itabaiana.<\/p>\n\n\n\n<p>Segundo as informa\u00e7\u00f5es divulgadas, ele era procurado ap\u00f3s receber o benef\u00edcio da sa\u00edda tempor\u00e1ria em 2024 e n\u00e3o retornar \u00e0 unidade prisional.<\/p>\n\n\n\n<p>O homem havia sido condenado por participa\u00e7\u00e3o no homic\u00eddio do sargento da PM Nael Gomes Menezes, morto em 2015, em Cristin\u00e1polis.<\/p>\n\n\n\n<p>A ocorr\u00eancia aconteceu no Bairro Queimadas. Conforme a vers\u00e3o policial, durante o cumprimento do mandado, o investigado teria utilizado uma arma de fogo e investido contra as guarni\u00e7\u00f5es.<\/p>\n\n\n\n<p>Houve confronto, ele foi atingido e chegou a ser socorrido, mas n\u00e3o resistiu. As circunst\u00e2ncias da ocorr\u00eancia dever\u00e3o ser apuradas pelos \u00f3rg\u00e3os competentes.<\/p>\n\n\n\n<p>Fonte: Portal Itnet<\/p>\n","protected":false},"excerpt":{"rendered":"<p>Um homem acusado de envolvimento na morte de um sargento da Pol\u00edcia Militar de Sergipe, em 2015, morreu ap\u00f3s um confronto com policiais na quarta-feira (2), durante o cumprimento de um mandado de recaptura em Itabaiana. Segundo as informa\u00e7\u00f5es divulgadas, ele era procurado ap\u00f3s receber o benef\u00edcio da sa\u00edda tempor\u00e1ria em 2024 e n\u00e3o retornar [&hellip;]<\/p>\n","protected":false},"author":1,"featured_media":9070,"comment_status":"open","ping_status":"open","sticky":false,"template":"","format":"standard","meta":{"_monsterinsights_skip_tracking":false,"_monsterinsights_sitenote_active":false,"_monsterinsights_sitenote_note":"","_monsterinsights_sitenote_category":0,"footnotes":""},"categories":[160],"tags":[152],"aioseo_notices":[],"amp_enabled":true,"_links":{"self":[{"href":"https:\/\/ojornalsergipe.com.br\/index.php\/wp-json\/wp\/v2\/posts\/9069"}],"collection":[{"href":"https:\/\/ojornalsergipe.com.br\/index.php\/wp-json\/wp\/v2\/posts"}],"about":[{"href":"https:\/\/ojornalsergipe.com.br\/index.php\/wp-json\/wp\/v2\/types\/post"}],"author":[{"embeddable":true,"href":"https:\/\/ojornalsergipe.com.br\/index.php\/wp-json\/wp\/v2\/users\/1"}],"replies":[{"embeddable":true,"href":"https:\/\/ojornalsergipe.com.br\/index.php\/wp-json\/wp\/v2\/comments?post=9069"}],"version-history":[{"count":1,"href":"https:\/\/ojornalsergipe.com.br\/index.php\/wp-json\/wp\/v2\/posts\/9069\/revisions"}],"predecessor-version":[{"id":9071,"href":"https:\/\/ojornalsergipe.com.br\/index.php\/wp-json\/wp\/v2\/posts\/9069\/revisions\/9071"}],"wp:featuredmedia":[{"embeddable":true,"href":"https:\/\/ojornalsergipe.com.br\/index.php\/wp-json\/wp\/v2\/media\/9070"}],"wp:attachment":[{"href":"https:\/\/ojornalsergipe.com.br\/index.php\/wp-json\/wp\/v2\/media?parent=9069"}],"wp:term":[{"taxonomy":"category","embeddable":true,"href":"https:\/\/ojornalsergipe.com.br\/index.php\/wp-json\/wp\/v2\/categories?post=9069"},{"taxonomy":"post_tag","embeddable":true,"href":"https:\/\/ojornalsergipe.com.br\/index.php\/wp-json\/wp\/v2\/tags?post=9069"}],"curies":[{"name":"wp","href":"https:\/\/api.w.org\/{rel}","templated":true}]}}