{"id":9077,"date":"2026-09-04T09:47:18","date_gmt":"2026-09-04T12:47:18","guid":{"rendered":"https:\/\/ojornalsergipe.com.br\/?p=9077"},"modified":"2026-09-04T09:47:19","modified_gmt":"2026-09-04T12:47:19","slug":"servidores-tecnicos-da-saude-paralisam-atividades-em-itabaiana-e-cobram-explicacoes-sobre-descontos-salariais","status":"publish","type":"post","link":"https:\/\/ojornalsergipe.com.br\/index.php\/2026\/09\/04\/servidores-tecnicos-da-saude-paralisam-atividades-em-itabaiana-e-cobram-explicacoes-sobre-descontos-salariais\/","title":{"rendered":"Servidores t\u00e9cnicos da Sa\u00fade paralisam atividades em Itabaiana e cobram explica\u00e7\u00f5es sobre descontos salariais"},"content":{"rendered":"\n<p>Uma paralisa\u00e7\u00e3o de 24 horas mobiliza servidores t\u00e9cnicos da Sa\u00fade de Itabaiana nesta quinta-feira (3). A categoria cobra da Prefeitura esclarecimentos sobre descontos registrados nos sal\u00e1rios de trabalhadores e afirma que parte dos valores n\u00e3o foi justificada pela administra\u00e7\u00e3o.<\/p>\n\n\n\n<p>O movimento come\u00e7ou \u00e0s 7h e est\u00e1 previsto para terminar \u00e0s 7h desta sexta-feira (4). Durante a manh\u00e3, os servidores realizaram uma manifesta\u00e7\u00e3o em frente \u00e0 Secretaria Municipal de Sa\u00fade.<\/p>\n\n\n\n<p>Segundo Janderson Alves, presidente do sindicato que representa os trabalhadores, os descontos foram identificados na folha salarial de julho. De acordo com ele, a entidade procurou a gest\u00e3o municipal para obter informa\u00e7\u00f5es sobre os crit\u00e9rios utilizados.<\/p>\n\n\n\n<p>\u201cAlguns trabalhadores tiveram o seu corte de ponto na folha de julho sem nenhuma justificativa e sem nenhum crit\u00e9rio apresentado\u201d, afirmou o sindicalista.<\/p>\n\n\n\n<p>A expectativa da categoria era que os valores fossem corrigidos na folha de agosto. Conforme o sindicato, isso n\u00e3o ocorreu.<\/p>\n\n\n\n<h3 class=\"wp-block-heading\">Sindicato questiona motivo dos descontos<\/h3>\n\n\n\n<p>Durante entrevista ao ITnet Not\u00edcias, Janderson afirmou que servidores levantaram a possibilidade de os descontos estarem relacionados \u00e0 participa\u00e7\u00e3o em mobiliza\u00e7\u00f5es anteriores da categoria.<\/p>\n\n\n\n<p>O presidente do sindicato ressaltou, por\u00e9m, que a entidade ainda aguarda uma explica\u00e7\u00e3o oficial da Prefeitura sobre a origem dos cortes. Caso os descontos tenham sido motivados por faltas ou atrasos individuais, o sindicato afirma que pretende conhecer os crit\u00e9rios aplicados a cada caso.<\/p>\n\n\n\n<p>A entidade contesta, por outro lado, a possibilidade de descontos terem sido aplicados exclusivamente em raz\u00e3o da participa\u00e7\u00e3o dos trabalhadores em paralisa\u00e7\u00f5es.<\/p>\n\n\n\n<p>Janderson classificou a conduta atribu\u00edda \u00e0 administra\u00e7\u00e3o como \u201cantissindical\u201d e tamb\u00e9m fez cr\u00edticas ao prefeito Zequinha da Cenoura e \u00e0 Secretaria Municipal de Sa\u00fade. As declara\u00e7\u00f5es refletem o posicionamento do sindicato.<\/p>\n\n\n\n<h3 class=\"wp-block-heading\">Categoria avalia novos protestos<\/h3>\n\n\n\n<p>Ap\u00f3s a manifesta\u00e7\u00e3o desta quinta-feira, os trabalhadores devem se reunir em assembleia para discutir os pr\u00f3ximos encaminhamentos.<\/p>\n\n\n\n<p>O sindicato afirma que pretende manter o di\u00e1logo com a administra\u00e7\u00e3o municipal e busca uma reuni\u00e3o para tratar dos descontos e de outras reivindica\u00e7\u00f5es.<\/p>\n\n\n\n<p>Caso n\u00e3o haja acordo, a entidade poder\u00e1 recorrer ao setor jur\u00eddico e convocar novas paralisa\u00e7\u00f5es.<\/p>\n\n\n\n<p>\u201cCaso n\u00e3o resolva de imediato, n\u00f3s vamos estar levando para o nosso jur\u00eddico analisar e tamb\u00e9m podemos paralisar as atividades em outros dias\u201d, declarou Janderson.<\/p>\n\n\n\n<p>A mobiliza\u00e7\u00e3o re\u00fane trabalhadores de n\u00edvel m\u00e9dio da rede municipal de Sa\u00fade, incluindo t\u00e9cnicos e auxiliares de enfermagem, recepcionistas, servidores administrativos e auxiliares de sa\u00fade bucal.<\/p>\n\n\n\n<p>A Prefeitura de Itabaiana e a Secretaria Municipal de Sa\u00fade ainda podem se manifestar sobre as alega\u00e7\u00f5es apresentadas pelo sindicato.<\/p>\n\n\n\n<p>Fonte: Itnet<\/p>\n","protected":false},"excerpt":{"rendered":"<p>Uma paralisa\u00e7\u00e3o de 24 horas mobiliza servidores t\u00e9cnicos da Sa\u00fade de Itabaiana nesta quinta-feira (3). A categoria cobra da Prefeitura esclarecimentos sobre descontos registrados nos sal\u00e1rios de trabalhadores e afirma que parte dos valores n\u00e3o foi justificada pela administra\u00e7\u00e3o. O movimento come\u00e7ou \u00e0s 7h e est\u00e1 previsto para terminar \u00e0s 7h desta sexta-feira (4). Durante [&hellip;]<\/p>\n","protected":false},"author":1,"featured_media":9078,"comment_status":"open","ping_status":"open","sticky":false,"template":"","format":"standard","meta":{"_monsterinsights_skip_tracking":false,"_monsterinsights_sitenote_active":false,"_monsterinsights_sitenote_note":"","_monsterinsights_sitenote_category":0,"footnotes":""},"categories":[160],"tags":[152],"aioseo_notices":[],"amp_enabled":true,"_links":{"self":[{"href":"https:\/\/ojornalsergipe.com.br\/index.php\/wp-json\/wp\/v2\/posts\/9077"}],"collection":[{"href":"https:\/\/ojornalsergipe.com.br\/index.php\/wp-json\/wp\/v2\/posts"}],"about":[{"href":"https:\/\/ojornalsergipe.com.br\/index.php\/wp-json\/wp\/v2\/types\/post"}],"author":[{"embeddable":true,"href":"https:\/\/ojornalsergipe.com.br\/index.php\/wp-json\/wp\/v2\/users\/1"}],"replies":[{"embeddable":true,"href":"https:\/\/ojornalsergipe.com.br\/index.php\/wp-json\/wp\/v2\/comments?post=9077"}],"version-history":[{"count":1,"href":"https:\/\/ojornalsergipe.com.br\/index.php\/wp-json\/wp\/v2\/posts\/9077\/revisions"}],"predecessor-version":[{"id":9079,"href":"https:\/\/ojornalsergipe.com.br\/index.php\/wp-json\/wp\/v2\/posts\/9077\/revisions\/9079"}],"wp:featuredmedia":[{"embeddable":true,"href":"https:\/\/ojornalsergipe.com.br\/index.php\/wp-json\/wp\/v2\/media\/9078"}],"wp:attachment":[{"href":"https:\/\/ojornalsergipe.com.br\/index.php\/wp-json\/wp\/v2\/media?parent=9077"}],"wp:term":[{"taxonomy":"category","embeddable":true,"href":"https:\/\/ojornalsergipe.com.br\/index.php\/wp-json\/wp\/v2\/categories?post=9077"},{"taxonomy":"post_tag","embeddable":true,"href":"https:\/\/ojornalsergipe.com.br\/index.php\/wp-json\/wp\/v2\/tags?post=9077"}],"curies":[{"name":"wp","href":"https:\/\/api.w.org\/{rel}","templated":true}]}}